{"id":4103,"date":"2019-05-06T15:34:59","date_gmt":"2019-05-06T13:34:59","guid":{"rendered":"https:\/\/cacahuetecomunicacion.com\/?p=4103"},"modified":"2019-05-07T09:55:59","modified_gmt":"2019-05-07T07:55:59","slug":"facebook-nuevo-instagram","status":"publish","type":"post","link":"https:\/\/cacahuetecomunicacion.com\/blog\/facebook-nuevo-instagram\/","title":{"rendered":"Facebook, \u00bfel nuevo Instagram?"},"content":{"rendered":"<h3>El dise\u00f1o m\u00e1s innovador que\u00a0Zuckerberg tiene preparado<img decoding=\"async\" loading=\"lazy\" class=\"alignnone size-full wp-image-4104\" src=\"https:\/\/cacahuetecomunicacion.com\/blog\/wp-content\/uploads\/2019\/05\/5ccc7d971c9e6.jpeg\" alt=\"\" width=\"1000\" height=\"575\" srcset=\"https:\/\/cacahuetecomunicacion.com\/blog\/wp-content\/uploads\/2019\/05\/5ccc7d971c9e6.jpeg 1000w, https:\/\/cacahuetecomunicacion.com\/blog\/wp-content\/uploads\/2019\/05\/5ccc7d971c9e6-980x551.jpeg 980w, https:\/\/cacahuetecomunicacion.com\/blog\/wp-content\/uploads\/2019\/05\/5ccc7d971c9e6-480x270.jpeg 480w\" sizes=\"(min-width: 0px) and (max-width: 480px) 480px, (min-width: 481px) and (max-width: 980px) 980px, (min-width: 981px) 1000px, 100vw\" \/><\/h3>\n<h6>Mark Zuckerberg presentando el nuevo dise\u00f1o de Facebook \/ Xataka<\/h6>\n<p>Durante la Conferencia de Desarrolladores, <a href=\"https:\/\/peru21.pe\/cheka\/tecnologia\/facebook-cambia-diseno-fecha-actualizacion-principales-modificaciones-nueva-interfaz-funciones-nnda-nnlt-475977\">Facebook<\/a> y su creador Marc Zuckerberg, present\u00f3 las principales novedades para los pr\u00f3ximos meses, tanto de la red social principal, Facebook como de Instagram.<\/p>\n<p>Adem\u00e1s de presentar el nuevo dise\u00f1o de Facebook y el tan hablado deseo por parte de su creador de convertir Whatsapp en el lugar id\u00f3neo para enviar y recibir dinero, se est\u00e1n preparando nuevas herramientas para Instagram, red social perteneciente tambi\u00e9n a Facebook Ink. Los cambios ser\u00e1n tales como los stickers de donaci\u00f3n, la c\u00e1mara y la posibilidad de la compra directa de productos.<\/p>\n<p>El encargado de presentar el nuevo dise\u00f1o fue el famoso CEO y fundador de Facebook , Mark Zuckerberg. El cambio se llamar\u00e1 FB5, que quiere decir \u201cla quinta generaci\u00f3n y versi\u00f3n de dise\u00f1o de Facebook\u201d.<\/p>\n<p>El redise\u00f1o, que se ver\u00e1 en la app en las pr\u00f3ximas semanas y en la web m\u00e1s de cara al verano, es considerado el m\u00e1s importante de los \u00faltimos a\u00f1os de la red social top, puesto que es un cambio radical<\/p>\n<p>\u00bfQuieres saber cu\u00e1les son los cambios? Son m\u00faltiples las novedades:<\/p>\n<p>Visualmente el cambio es total. Instagram tendr\u00e1, como color predominante, el blanco. Su dise\u00f1o se prevee como m\u00e1s moderno y claro.<\/p>\n<p>\u00bfA qu\u00e9 se debe el cambio del azul al blanco? Pues tan sencillo como que, el color blanco le da m\u00e1s peso a los colores de los contenidos y las fotos.<\/p>\n<p>Las Stories tendr\u00e1n una nueva ubicaci\u00f3n, ocupando un lugar predominante. Este es uno de los cambios m\u00e1s destacados, ya que Facebook quiere darle mucha importancia a este contenido.<\/p>\n<p>Centrado sobre el timeline, se incluye con iconos renovados un men\u00fa nuevo y un sistema de notificaciones a la derecha.<\/p>\n<p>En la presentaci\u00f3n Zuckenberg reconoc\u00eda en la presentaci\u00f3n que \u00abLas comunidades son tan importantes o m\u00e1s que los amigos\u00bb, por eso, los grupos tendr\u00e1n una pesta\u00f1a propia<\/p>\n<p>Para ajustarse al dise\u00f1o de la p\u00e1gina, Facebook tambi\u00e9n cambiar\u00e1 ligeramente el logotipo, con formas m\u00e1s redondeadas y con predominio del blanco.<\/p>\n<p>\u00bfNo tienes ganas de probar este nuevo dise\u00f1o de Facebook? \u00a1Nosotros estamos deseando!<\/p>\n<p>&nbsp;<\/p>\n","protected":false},"excerpt":{"rendered":"<p>El dise\u00f1o m\u00e1s innovador que\u00a0Zuckerberg tiene preparado Mark Zuckerberg presentando el nuevo dise\u00f1o de Facebook \/ Xataka Durante la Conferencia de Desarrolladores, Facebook y su creador Marc Zuckerberg, present\u00f3 las principales novedades para los pr\u00f3ximos meses, tanto de la red social principal, Facebook como de Instagram. Adem\u00e1s de presentar el nuevo dise\u00f1o de Facebook y [&hellip;]<\/p>\n","protected":false},"author":1,"featured_media":4104,"comment_status":"open","ping_status":"open","sticky":false,"template":"","format":"standard","meta":{"_et_pb_use_builder":"","_et_pb_old_content":"","_et_gb_content_width":""},"categories":[87],"tags":[342,344,369,426,257],"yoast_head":"<!-- This site is optimized with the Yoast SEO plugin v19.12 - https:\/\/yoast.com\/wordpress\/plugins\/seo\/ -->\n<title>Zuckerberg anuncia uno de los cambios m\u00e1s \u00e9picos de la plataforma<\/title>\n<meta name=\"description\" content=\"\u00a1Menuda bomba! Te contamos las \u00faltimas novedades de la app y la web de Facebook. \u00bfQuieres saber m\u00e1s de Marc Zuckerberg? \u00a1Sigue leyendo este art\u00edculo!\" \/>\n<meta name=\"robots\" content=\"index, follow, max-snippet:-1, max-image-preview:large, max-video-preview:-1\" \/>\n<link rel=\"canonical\" href=\"https:\/\/cacahuetecomunicacion.com\/blog\/facebook-nuevo-instagram\/\" \/>\n<meta property=\"og:locale\" content=\"es_ES\" \/>\n<meta property=\"og:type\" content=\"article\" \/>\n<meta property=\"og:title\" content=\"Zuckerberg anuncia uno de los cambios m\u00e1s \u00e9picos de la plataforma\" \/>\n<meta property=\"og:description\" content=\"\u00a1Menuda bomba! Te contamos las \u00faltimas novedades de la app y la web de Facebook. \u00bfQuieres saber m\u00e1s de Marc Zuckerberg? \u00a1Sigue leyendo este art\u00edculo!\" \/>\n<meta property=\"og:url\" content=\"https:\/\/cacahuetecomunicacion.com\/blog\/facebook-nuevo-instagram\/\" \/>\n<meta property=\"og:site_name\" content=\"Cacahuete Comunicaci\u00f3n. Empresa de Comunicaci\u00f3n, Redes Sociales, Community Manager y Social Media en Elche.\" \/>\n<meta property=\"article:published_time\" content=\"2019-05-06T13:34:59+00:00\" \/>\n<meta property=\"article:modified_time\" content=\"2019-05-07T07:55:59+00:00\" \/>\n<meta property=\"og:image\" content=\"https:\/\/cacahuetecomunicacion.com\/blog\/wp-content\/uploads\/2019\/05\/5ccc7d971c9e6.jpeg\" \/>\n\t<meta property=\"og:image:width\" content=\"1000\" \/>\n\t<meta property=\"og:image:height\" content=\"575\" \/>\n\t<meta property=\"og:image:type\" content=\"image\/jpeg\" \/>\n<meta name=\"author\" content=\"Cacahuete Comunicaci\u00f3n\" \/>\n<meta name=\"twitter:card\" content=\"summary_large_image\" \/>\n<meta name=\"twitter:label1\" content=\"Escrito por\" \/>\n\t<meta name=\"twitter:data1\" content=\"Cacahuete Comunicaci\u00f3n\" \/>\n\t<meta name=\"twitter:label2\" content=\"Tiempo de lectura\" \/>\n\t<meta name=\"twitter:data2\" content=\"2 minutos\" \/>\n<script type=\"application\/ld+json\" class=\"yoast-schema-graph\">{\"@context\":\"https:\/\/schema.org\",\"@graph\":[{\"@type\":\"WebPage\",\"@id\":\"https:\/\/cacahuetecomunicacion.com\/blog\/facebook-nuevo-instagram\/\",\"url\":\"https:\/\/cacahuetecomunicacion.com\/blog\/facebook-nuevo-instagram\/\",\"name\":\"Zuckerberg anuncia uno de los cambios m\u00e1s \u00e9picos de la plataforma\",\"isPartOf\":{\"@id\":\"https:\/\/cacahuetecomunicacion.com\/blog\/#website\"},\"datePublished\":\"2019-05-06T13:34:59+00:00\",\"dateModified\":\"2019-05-07T07:55:59+00:00\",\"author\":{\"@id\":\"https:\/\/cacahuetecomunicacion.com\/blog\/#\/schema\/person\/bca78fd4dc679d90690cda607c8f1130\"},\"description\":\"\u00a1Menuda bomba! Te contamos las \u00faltimas novedades de la app y la web de Facebook. \u00bfQuieres saber m\u00e1s de Marc Zuckerberg? \u00a1Sigue leyendo este art\u00edculo!\",\"breadcrumb\":{\"@id\":\"https:\/\/cacahuetecomunicacion.com\/blog\/facebook-nuevo-instagram\/#breadcrumb\"},\"inLanguage\":\"es\",\"potentialAction\":[{\"@type\":\"ReadAction\",\"target\":[\"https:\/\/cacahuetecomunicacion.com\/blog\/facebook-nuevo-instagram\/\"]}]},{\"@type\":\"BreadcrumbList\",\"@id\":\"https:\/\/cacahuetecomunicacion.com\/blog\/facebook-nuevo-instagram\/#breadcrumb\",\"itemListElement\":[{\"@type\":\"ListItem\",\"position\":1,\"name\":\"Portada\",\"item\":\"https:\/\/cacahuetecomunicacion.com\/blog\/\"},{\"@type\":\"ListItem\",\"position\":2,\"name\":\"Facebook, \u00bfel nuevo Instagram?\"}]},{\"@type\":\"WebSite\",\"@id\":\"https:\/\/cacahuetecomunicacion.com\/blog\/#website\",\"url\":\"https:\/\/cacahuetecomunicacion.com\/blog\/\",\"name\":\"Cacahuete Comunicaci\u00f3n. Empresa de Comunicaci\u00f3n, Redes Sociales, Community Manager y Social Media en Elche.\",\"description\":\"Cacahuete Comunicaci\u00f3n. Empresa de Comunicaci\u00f3n, Redes Sociales, Community Manager y Social Media en Elche.\",\"potentialAction\":[{\"@type\":\"SearchAction\",\"target\":{\"@type\":\"EntryPoint\",\"urlTemplate\":\"https:\/\/cacahuetecomunicacion.com\/blog\/?s={search_term_string}\"},\"query-input\":\"required name=search_term_string\"}],\"inLanguage\":\"es\"},{\"@type\":\"Person\",\"@id\":\"https:\/\/cacahuetecomunicacion.com\/blog\/#\/schema\/person\/bca78fd4dc679d90690cda607c8f1130\",\"name\":\"Cacahuete Comunicaci\u00f3n\",\"image\":{\"@type\":\"ImageObject\",\"inLanguage\":\"es\",\"@id\":\"https:\/\/cacahuetecomunicacion.com\/blog\/#\/schema\/person\/image\/\",\"url\":\"https:\/\/secure.gravatar.com\/avatar\/3e02160056b3c38bfaa1650b357837ee?s=96&d=mm&r=g\",\"contentUrl\":\"https:\/\/secure.gravatar.com\/avatar\/3e02160056b3c38bfaa1650b357837ee?s=96&d=mm&r=g\",\"caption\":\"Cacahuete Comunicaci\u00f3n\"},\"description\":\"Empresa especializada en Social Media y SEO. Potenciamos tus Redes Sociales, Dise\u00f1o Gr\u00e1fico y contenido Web.\",\"sameAs\":[\"https:\/\/cacahuetecomunicacion.com\/\"],\"url\":\"https:\/\/cacahuetecomunicacion.com\/blog\/author\/liceran_eloy_-dedypfkt\/\"}]}<\/script>\n<!-- \/ Yoast SEO plugin. -->","yoast_head_json":{"title":"Zuckerberg anuncia uno de los cambios m\u00e1s \u00e9picos de la plataforma","description":"\u00a1Menuda bomba! Te contamos las \u00faltimas novedades de la app y la web de Facebook. \u00bfQuieres saber m\u00e1s de Marc Zuckerberg? \u00a1Sigue leyendo este art\u00edculo!","robots":{"index":"index","follow":"follow","max-snippet":"max-snippet:-1","max-image-preview":"max-image-preview:large","max-video-preview":"max-video-preview:-1"},"canonical":"https:\/\/cacahuetecomunicacion.com\/blog\/facebook-nuevo-instagram\/","og_locale":"es_ES","og_type":"article","og_title":"Zuckerberg anuncia uno de los cambios m\u00e1s \u00e9picos de la plataforma","og_description":"\u00a1Menuda bomba! Te contamos las \u00faltimas novedades de la app y la web de Facebook. \u00bfQuieres saber m\u00e1s de Marc Zuckerberg? \u00a1Sigue leyendo este art\u00edculo!","og_url":"https:\/\/cacahuetecomunicacion.com\/blog\/facebook-nuevo-instagram\/","og_site_name":"Cacahuete Comunicaci\u00f3n. Empresa de Comunicaci\u00f3n, Redes Sociales, Community Manager y Social Media en Elche.","article_published_time":"2019-05-06T13:34:59+00:00","article_modified_time":"2019-05-07T07:55:59+00:00","og_image":[{"width":1000,"height":575,"url":"https:\/\/cacahuetecomunicacion.com\/blog\/wp-content\/uploads\/2019\/05\/5ccc7d971c9e6.jpeg","type":"image\/jpeg"}],"author":"Cacahuete Comunicaci\u00f3n","twitter_card":"summary_large_image","twitter_misc":{"Escrito por":"Cacahuete Comunicaci\u00f3n","Tiempo de lectura":"2 minutos"},"schema":{"@context":"https:\/\/schema.org","@graph":[{"@type":"WebPage","@id":"https:\/\/cacahuetecomunicacion.com\/blog\/facebook-nuevo-instagram\/","url":"https:\/\/cacahuetecomunicacion.com\/blog\/facebook-nuevo-instagram\/","name":"Zuckerberg anuncia uno de los cambios m\u00e1s \u00e9picos de la plataforma","isPartOf":{"@id":"https:\/\/cacahuetecomunicacion.com\/blog\/#website"},"datePublished":"2019-05-06T13:34:59+00:00","dateModified":"2019-05-07T07:55:59+00:00","author":{"@id":"https:\/\/cacahuetecomunicacion.com\/blog\/#\/schema\/person\/bca78fd4dc679d90690cda607c8f1130"},"description":"\u00a1Menuda bomba! Te contamos las \u00faltimas novedades de la app y la web de Facebook. \u00bfQuieres saber m\u00e1s de Marc Zuckerberg? \u00a1Sigue leyendo este art\u00edculo!","breadcrumb":{"@id":"https:\/\/cacahuetecomunicacion.com\/blog\/facebook-nuevo-instagram\/#breadcrumb"},"inLanguage":"es","potentialAction":[{"@type":"ReadAction","target":["https:\/\/cacahuetecomunicacion.com\/blog\/facebook-nuevo-instagram\/"]}]},{"@type":"BreadcrumbList","@id":"https:\/\/cacahuetecomunicacion.com\/blog\/facebook-nuevo-instagram\/#breadcrumb","itemListElement":[{"@type":"ListItem","position":1,"name":"Portada","item":"https:\/\/cacahuetecomunicacion.com\/blog\/"},{"@type":"ListItem","position":2,"name":"Facebook, \u00bfel nuevo Instagram?"}]},{"@type":"WebSite","@id":"https:\/\/cacahuetecomunicacion.com\/blog\/#website","url":"https:\/\/cacahuetecomunicacion.com\/blog\/","name":"Cacahuete Comunicaci\u00f3n. Empresa de Comunicaci\u00f3n, Redes Sociales, Community Manager y Social Media en Elche.","description":"Cacahuete Comunicaci\u00f3n. Empresa de Comunicaci\u00f3n, Redes Sociales, Community Manager y Social Media en Elche.","potentialAction":[{"@type":"SearchAction","target":{"@type":"EntryPoint","urlTemplate":"https:\/\/cacahuetecomunicacion.com\/blog\/?s={search_term_string}"},"query-input":"required name=search_term_string"}],"inLanguage":"es"},{"@type":"Person","@id":"https:\/\/cacahuetecomunicacion.com\/blog\/#\/schema\/person\/bca78fd4dc679d90690cda607c8f1130","name":"Cacahuete Comunicaci\u00f3n","image":{"@type":"ImageObject","inLanguage":"es","@id":"https:\/\/cacahuetecomunicacion.com\/blog\/#\/schema\/person\/image\/","url":"https:\/\/secure.gravatar.com\/avatar\/3e02160056b3c38bfaa1650b357837ee?s=96&d=mm&r=g","contentUrl":"https:\/\/secure.gravatar.com\/avatar\/3e02160056b3c38bfaa1650b357837ee?s=96&d=mm&r=g","caption":"Cacahuete Comunicaci\u00f3n"},"description":"Empresa especializada en Social Media y SEO. Potenciamos tus Redes Sociales, Dise\u00f1o Gr\u00e1fico y contenido Web.","sameAs":["https:\/\/cacahuetecomunicacion.com\/"],"url":"https:\/\/cacahuetecomunicacion.com\/blog\/author\/liceran_eloy_-dedypfkt\/"}]}},"_links":{"self":[{"href":"https:\/\/cacahuetecomunicacion.com\/blog\/wp-json\/wp\/v2\/posts\/4103"}],"collection":[{"href":"https:\/\/cacahuetecomunicacion.com\/blog\/wp-json\/wp\/v2\/posts"}],"about":[{"href":"https:\/\/cacahuetecomunicacion.com\/blog\/wp-json\/wp\/v2\/types\/post"}],"author":[{"embeddable":true,"href":"https:\/\/cacahuetecomunicacion.com\/blog\/wp-json\/wp\/v2\/users\/1"}],"replies":[{"embeddable":true,"href":"https:\/\/cacahuetecomunicacion.com\/blog\/wp-json\/wp\/v2\/comments?post=4103"}],"version-history":[{"count":3,"href":"https:\/\/cacahuetecomunicacion.com\/blog\/wp-json\/wp\/v2\/posts\/4103\/revisions"}],"predecessor-version":[{"id":4107,"href":"https:\/\/cacahuetecomunicacion.com\/blog\/wp-json\/wp\/v2\/posts\/4103\/revisions\/4107"}],"wp:featuredmedia":[{"embeddable":true,"href":"https:\/\/cacahuetecomunicacion.com\/blog\/wp-json\/wp\/v2\/media\/4104"}],"wp:attachment":[{"href":"https:\/\/cacahuetecomunicacion.com\/blog\/wp-json\/wp\/v2\/media?parent=4103"}],"wp:term":[{"taxonomy":"category","embeddable":true,"href":"https:\/\/cacahuetecomunicacion.com\/blog\/wp-json\/wp\/v2\/categories?post=4103"},{"taxonomy":"post_tag","embeddable":true,"href":"https:\/\/cacahuetecomunicacion.com\/blog\/wp-json\/wp\/v2\/tags?post=4103"}],"curies":[{"name":"wp","href":"https:\/\/api.w.org\/{rel}","templated":true}]}}