{"id":4252,"date":"2019-07-04T12:30:08","date_gmt":"2019-07-04T10:30:08","guid":{"rendered":"https:\/\/cacahuetecomunicacion.com\/?p=4252"},"modified":"2019-07-04T12:30:08","modified_gmt":"2019-07-04T10:30:08","slug":"instagram-whatsapp-y-facebook-sufren-una-caida-a-nivel-mundial","status":"publish","type":"post","link":"https:\/\/cacahuetecomunicacion.com\/blog\/instagram-whatsapp-y-facebook-sufren-una-caida-a-nivel-mundial\/","title":{"rendered":"Facebook, Instagram y WhatsApp sufren una ca\u00edda a nivel mundial"},"content":{"rendered":"<p>El mi\u00e9rcoles 3 de julio por la tarde, los <strong>usuarios<\/strong> espa\u00f1oles de <strong>WhatsApp, <a href=\"https:\/\/cacahuetecomunicacion.com\/facebook-nuevo-instagram\/\">Facebook<\/a><\/strong> e <strong>Instagram<\/strong> sufrieron<strong> problemas t\u00e9cnicos<\/strong>, ya que no pod\u00edan subir ni recibir archivos de\u00a0<b>v\u00eddeo, audio o imagen<\/b>.\u00a0Las <a href=\"https:\/\/cacahuetecomunicacion.com\/pequeno-comercio-las-ventajas-estar-las-redes-sociales\/\"><strong>redes sociales<\/strong><\/a> de <strong>Mark Zuckerberg<\/strong>\u00a0no solo fallaron en Espa\u00f1a, la <strong>ca\u00edda<\/strong> fue a <strong>nivel mundial<\/strong> y supuso el descontento de millones de <strong>usuarios<\/strong>. Ante las quejas, <a href=\"https:\/\/www.diarioinformacion.com\/vida-y-estilo\/tecnologia\/2019\/07\/03\/whatsapp-facebook-e-instagram-dejan\/2165484.html\">un portavoz de <strong>Facebook<\/strong><\/a> anunci\u00f3 lo siguiente:\u00a0\u00abSomos conscientes de que actualmente algunas personas tienen <strong>problemas<\/strong> para cargar im\u00e1genes, v\u00eddeos y otros archivos en nuestras aplicaciones. Estamos trabajando para que todo vuelva a la normalidad lo m\u00e1s r\u00e1pido posible\u00bb.<\/p>\n<p>Los<strong> fallos t\u00e9cnicos<\/strong> de <strong><a href=\"https:\/\/cacahuetecomunicacion.com\/stickers-whatsapp\/\">WhatsApp<\/a>, <a href=\"https:\/\/cacahuetecomunicacion.com\/notas-voz-facebook\/\">Facebook<\/a><\/strong> e <a href=\"https:\/\/cacahuetecomunicacion.com\/ig-ya-permite-publicar-contenido-varias-cuentas-la-vez\/\"><strong>Instagram<\/strong><\/a> se registraron de distinta forma en todo el mundo.<strong> WhatsApp<\/strong> tuvo m\u00e1s problemas en la zona de Europa y Sudam\u00e9rica;\u00a0<strong>Instagram<\/strong> en Europa Occidental y Estados Unidos; y <strong>Facebook<\/strong> en M\u00e9xico, Filipinas, Estados Unidos y Europa Occidental.<\/p>\n<h2><strong>El universo Facebook vuelve a caer<\/strong><\/h2>\n<p>Afortunadamente, los <strong>problemas<\/strong> se resolvieron en torno a la 1 de la madrugada (hora espa\u00f1ola). Sin embargo, no es la primera vez que en este a\u00f1o los tres gigantes de las <strong>redes sociales<\/strong> sufren una ca\u00edda de estas caracter\u00edsticas.\u00a0El domingo 14 de abril, <strong>Facebook<\/strong>, <a href=\"https:\/\/cacahuetecomunicacion.com\/enlaces-instagram\/\"><strong>Instagram<\/strong><\/a> y <strong>WhatsApp<\/strong> sufrieron una ca\u00edda global, dejando a millones de<strong> usuarios<\/strong> sin servicio. De hecho, los internautas mostraron sus quejas en forma de memes a trav\u00e9s de Twitter, una de las redes sociales que funcionaban en ese momento.<\/p>\n<p><a href=\"https:\/\/cacahuetecomunicacion.com\/facebook-whatsapp-e-instagram-caen\/\">El mi\u00e9rcoles 13 de marzo<\/a> ocurri\u00f3 un<strong> problema<\/strong> similar cuando las tres redes, que forman parte de la vida social de m\u00e1s de 5.000 millones de personas, presentaron <strong>problemas t\u00e9cnicos<\/strong> que duraron alrededor de 22 horas. Esto supuso una de las &#8216;desconexiones&#8217; m\u00e1s largas de la historia desde que se cre\u00f3 <strong>Facebook<\/strong>. A pesar de estas ca\u00eddas, las <strong>redes sociales<\/strong> de <strong>Mark Zuckerberg<\/strong> siguen siendo las favoritas por los <strong>usuarios<\/strong> para estar conectados con sus <strong>seguidores<\/strong>.<\/p>\n<p>&nbsp;<\/p>\n<p>&nbsp;<\/p>\n<p>&nbsp;<\/p>\n<p>&nbsp;<\/p>\n","protected":false},"excerpt":{"rendered":"<p>El mi\u00e9rcoles 3 de julio por la tarde, los usuarios espa\u00f1oles de WhatsApp, Facebook e Instagram sufrieron problemas t\u00e9cnicos, ya que no pod\u00edan subir ni recibir archivos de\u00a0v\u00eddeo, audio o imagen.\u00a0Las redes sociales de Mark Zuckerberg\u00a0no solo fallaron en Espa\u00f1a, la ca\u00edda fue a nivel mundial y supuso el descontento de millones de usuarios. Ante [&hellip;]<\/p>\n","protected":false},"author":1,"featured_media":4254,"comment_status":"open","ping_status":"open","sticky":false,"template":"","format":"standard","meta":{"_et_pb_use_builder":"","_et_pb_old_content":"","_et_gb_content_width":""},"categories":[87],"tags":[481,342,344,482,257,438,348],"yoast_head":"<!-- This site is optimized with the Yoast SEO plugin v19.12 - https:\/\/yoast.com\/wordpress\/plugins\/seo\/ -->\n<title>Facebook, Instagram y WhatsApp sufren una ca\u00edda a nivel mundial - Cacahuete Comunicaci\u00f3n<\/title>\n<meta name=\"description\" content=\"Nueva ca\u00edda este 3 de julio. Los fallos t\u00e9cnicos de WhatsApp, Facebook e Instagram se registraron de distinta forma en todo el mundo.\" \/>\n<meta name=\"robots\" content=\"index, follow, max-snippet:-1, max-image-preview:large, max-video-preview:-1\" \/>\n<link rel=\"canonical\" href=\"https:\/\/cacahuetecomunicacion.com\/blog\/instagram-whatsapp-y-facebook-sufren-una-caida-a-nivel-mundial\/\" \/>\n<meta property=\"og:locale\" content=\"es_ES\" \/>\n<meta property=\"og:type\" content=\"article\" \/>\n<meta property=\"og:title\" content=\"Facebook, Instagram y WhatsApp sufren una ca\u00edda a nivel mundial - Cacahuete Comunicaci\u00f3n\" \/>\n<meta property=\"og:description\" content=\"Nueva ca\u00edda este 3 de julio. Los fallos t\u00e9cnicos de WhatsApp, Facebook e Instagram se registraron de distinta forma en todo el mundo.\" \/>\n<meta property=\"og:url\" content=\"https:\/\/cacahuetecomunicacion.com\/blog\/instagram-whatsapp-y-facebook-sufren-una-caida-a-nivel-mundial\/\" \/>\n<meta property=\"og:site_name\" content=\"Cacahuete Comunicaci\u00f3n. Empresa de Comunicaci\u00f3n, Redes Sociales, Community Manager y Social Media en Elche.\" \/>\n<meta property=\"article:published_time\" content=\"2019-07-04T10:30:08+00:00\" \/>\n<meta property=\"og:image\" content=\"https:\/\/cacahuetecomunicacion.com\/blog\/wp-content\/uploads\/2019\/07\/media-998990_1920.jpg\" \/>\n\t<meta property=\"og:image:width\" content=\"1920\" \/>\n\t<meta property=\"og:image:height\" content=\"1393\" \/>\n\t<meta property=\"og:image:type\" content=\"image\/jpeg\" \/>\n<meta name=\"author\" content=\"Cacahuete Comunicaci\u00f3n\" \/>\n<meta name=\"twitter:card\" content=\"summary_large_image\" \/>\n<meta name=\"twitter:label1\" content=\"Escrito por\" \/>\n\t<meta name=\"twitter:data1\" content=\"Cacahuete Comunicaci\u00f3n\" \/>\n\t<meta name=\"twitter:label2\" content=\"Tiempo de lectura\" \/>\n\t<meta name=\"twitter:data2\" content=\"2 minutos\" \/>\n<script type=\"application\/ld+json\" class=\"yoast-schema-graph\">{\"@context\":\"https:\/\/schema.org\",\"@graph\":[{\"@type\":\"WebPage\",\"@id\":\"https:\/\/cacahuetecomunicacion.com\/blog\/instagram-whatsapp-y-facebook-sufren-una-caida-a-nivel-mundial\/\",\"url\":\"https:\/\/cacahuetecomunicacion.com\/blog\/instagram-whatsapp-y-facebook-sufren-una-caida-a-nivel-mundial\/\",\"name\":\"Facebook, Instagram y WhatsApp sufren una ca\u00edda a nivel mundial - Cacahuete Comunicaci\u00f3n\",\"isPartOf\":{\"@id\":\"https:\/\/cacahuetecomunicacion.com\/blog\/#website\"},\"datePublished\":\"2019-07-04T10:30:08+00:00\",\"dateModified\":\"2019-07-04T10:30:08+00:00\",\"author\":{\"@id\":\"https:\/\/cacahuetecomunicacion.com\/blog\/#\/schema\/person\/bca78fd4dc679d90690cda607c8f1130\"},\"description\":\"Nueva ca\u00edda este 3 de julio. Los fallos t\u00e9cnicos de WhatsApp, Facebook e Instagram se registraron de distinta forma en todo el mundo.\",\"breadcrumb\":{\"@id\":\"https:\/\/cacahuetecomunicacion.com\/blog\/instagram-whatsapp-y-facebook-sufren-una-caida-a-nivel-mundial\/#breadcrumb\"},\"inLanguage\":\"es\",\"potentialAction\":[{\"@type\":\"ReadAction\",\"target\":[\"https:\/\/cacahuetecomunicacion.com\/blog\/instagram-whatsapp-y-facebook-sufren-una-caida-a-nivel-mundial\/\"]}]},{\"@type\":\"BreadcrumbList\",\"@id\":\"https:\/\/cacahuetecomunicacion.com\/blog\/instagram-whatsapp-y-facebook-sufren-una-caida-a-nivel-mundial\/#breadcrumb\",\"itemListElement\":[{\"@type\":\"ListItem\",\"position\":1,\"name\":\"Portada\",\"item\":\"https:\/\/cacahuetecomunicacion.com\/blog\/\"},{\"@type\":\"ListItem\",\"position\":2,\"name\":\"Facebook, Instagram y WhatsApp sufren una ca\u00edda a nivel mundial\"}]},{\"@type\":\"WebSite\",\"@id\":\"https:\/\/cacahuetecomunicacion.com\/blog\/#website\",\"url\":\"https:\/\/cacahuetecomunicacion.com\/blog\/\",\"name\":\"Cacahuete Comunicaci\u00f3n. Empresa de Comunicaci\u00f3n, Redes Sociales, Community Manager y Social Media en Elche.\",\"description\":\"Cacahuete Comunicaci\u00f3n. Empresa de Comunicaci\u00f3n, Redes Sociales, Community Manager y Social Media en Elche.\",\"potentialAction\":[{\"@type\":\"SearchAction\",\"target\":{\"@type\":\"EntryPoint\",\"urlTemplate\":\"https:\/\/cacahuetecomunicacion.com\/blog\/?s={search_term_string}\"},\"query-input\":\"required name=search_term_string\"}],\"inLanguage\":\"es\"},{\"@type\":\"Person\",\"@id\":\"https:\/\/cacahuetecomunicacion.com\/blog\/#\/schema\/person\/bca78fd4dc679d90690cda607c8f1130\",\"name\":\"Cacahuete Comunicaci\u00f3n\",\"image\":{\"@type\":\"ImageObject\",\"inLanguage\":\"es\",\"@id\":\"https:\/\/cacahuetecomunicacion.com\/blog\/#\/schema\/person\/image\/\",\"url\":\"https:\/\/secure.gravatar.com\/avatar\/3e02160056b3c38bfaa1650b357837ee?s=96&d=mm&r=g\",\"contentUrl\":\"https:\/\/secure.gravatar.com\/avatar\/3e02160056b3c38bfaa1650b357837ee?s=96&d=mm&r=g\",\"caption\":\"Cacahuete Comunicaci\u00f3n\"},\"description\":\"Empresa especializada en Social Media y SEO. Potenciamos tus Redes Sociales, Dise\u00f1o Gr\u00e1fico y contenido Web.\",\"sameAs\":[\"https:\/\/cacahuetecomunicacion.com\/\"],\"url\":\"https:\/\/cacahuetecomunicacion.com\/blog\/author\/liceran_eloy_-dedypfkt\/\"}]}<\/script>\n<!-- \/ Yoast SEO plugin. -->","yoast_head_json":{"title":"Facebook, Instagram y WhatsApp sufren una ca\u00edda a nivel mundial - Cacahuete Comunicaci\u00f3n","description":"Nueva ca\u00edda este 3 de julio. Los fallos t\u00e9cnicos de WhatsApp, Facebook e Instagram se registraron de distinta forma en todo el mundo.","robots":{"index":"index","follow":"follow","max-snippet":"max-snippet:-1","max-image-preview":"max-image-preview:large","max-video-preview":"max-video-preview:-1"},"canonical":"https:\/\/cacahuetecomunicacion.com\/blog\/instagram-whatsapp-y-facebook-sufren-una-caida-a-nivel-mundial\/","og_locale":"es_ES","og_type":"article","og_title":"Facebook, Instagram y WhatsApp sufren una ca\u00edda a nivel mundial - Cacahuete Comunicaci\u00f3n","og_description":"Nueva ca\u00edda este 3 de julio. Los fallos t\u00e9cnicos de WhatsApp, Facebook e Instagram se registraron de distinta forma en todo el mundo.","og_url":"https:\/\/cacahuetecomunicacion.com\/blog\/instagram-whatsapp-y-facebook-sufren-una-caida-a-nivel-mundial\/","og_site_name":"Cacahuete Comunicaci\u00f3n. Empresa de Comunicaci\u00f3n, Redes Sociales, Community Manager y Social Media en Elche.","article_published_time":"2019-07-04T10:30:08+00:00","og_image":[{"width":1920,"height":1393,"url":"https:\/\/cacahuetecomunicacion.com\/blog\/wp-content\/uploads\/2019\/07\/media-998990_1920.jpg","type":"image\/jpeg"}],"author":"Cacahuete Comunicaci\u00f3n","twitter_card":"summary_large_image","twitter_misc":{"Escrito por":"Cacahuete Comunicaci\u00f3n","Tiempo de lectura":"2 minutos"},"schema":{"@context":"https:\/\/schema.org","@graph":[{"@type":"WebPage","@id":"https:\/\/cacahuetecomunicacion.com\/blog\/instagram-whatsapp-y-facebook-sufren-una-caida-a-nivel-mundial\/","url":"https:\/\/cacahuetecomunicacion.com\/blog\/instagram-whatsapp-y-facebook-sufren-una-caida-a-nivel-mundial\/","name":"Facebook, Instagram y WhatsApp sufren una ca\u00edda a nivel mundial - Cacahuete Comunicaci\u00f3n","isPartOf":{"@id":"https:\/\/cacahuetecomunicacion.com\/blog\/#website"},"datePublished":"2019-07-04T10:30:08+00:00","dateModified":"2019-07-04T10:30:08+00:00","author":{"@id":"https:\/\/cacahuetecomunicacion.com\/blog\/#\/schema\/person\/bca78fd4dc679d90690cda607c8f1130"},"description":"Nueva ca\u00edda este 3 de julio. Los fallos t\u00e9cnicos de WhatsApp, Facebook e Instagram se registraron de distinta forma en todo el mundo.","breadcrumb":{"@id":"https:\/\/cacahuetecomunicacion.com\/blog\/instagram-whatsapp-y-facebook-sufren-una-caida-a-nivel-mundial\/#breadcrumb"},"inLanguage":"es","potentialAction":[{"@type":"ReadAction","target":["https:\/\/cacahuetecomunicacion.com\/blog\/instagram-whatsapp-y-facebook-sufren-una-caida-a-nivel-mundial\/"]}]},{"@type":"BreadcrumbList","@id":"https:\/\/cacahuetecomunicacion.com\/blog\/instagram-whatsapp-y-facebook-sufren-una-caida-a-nivel-mundial\/#breadcrumb","itemListElement":[{"@type":"ListItem","position":1,"name":"Portada","item":"https:\/\/cacahuetecomunicacion.com\/blog\/"},{"@type":"ListItem","position":2,"name":"Facebook, Instagram y WhatsApp sufren una ca\u00edda a nivel mundial"}]},{"@type":"WebSite","@id":"https:\/\/cacahuetecomunicacion.com\/blog\/#website","url":"https:\/\/cacahuetecomunicacion.com\/blog\/","name":"Cacahuete Comunicaci\u00f3n. Empresa de Comunicaci\u00f3n, Redes Sociales, Community Manager y Social Media en Elche.","description":"Cacahuete Comunicaci\u00f3n. Empresa de Comunicaci\u00f3n, Redes Sociales, Community Manager y Social Media en Elche.","potentialAction":[{"@type":"SearchAction","target":{"@type":"EntryPoint","urlTemplate":"https:\/\/cacahuetecomunicacion.com\/blog\/?s={search_term_string}"},"query-input":"required name=search_term_string"}],"inLanguage":"es"},{"@type":"Person","@id":"https:\/\/cacahuetecomunicacion.com\/blog\/#\/schema\/person\/bca78fd4dc679d90690cda607c8f1130","name":"Cacahuete Comunicaci\u00f3n","image":{"@type":"ImageObject","inLanguage":"es","@id":"https:\/\/cacahuetecomunicacion.com\/blog\/#\/schema\/person\/image\/","url":"https:\/\/secure.gravatar.com\/avatar\/3e02160056b3c38bfaa1650b357837ee?s=96&d=mm&r=g","contentUrl":"https:\/\/secure.gravatar.com\/avatar\/3e02160056b3c38bfaa1650b357837ee?s=96&d=mm&r=g","caption":"Cacahuete Comunicaci\u00f3n"},"description":"Empresa especializada en Social Media y SEO. Potenciamos tus Redes Sociales, Dise\u00f1o Gr\u00e1fico y contenido Web.","sameAs":["https:\/\/cacahuetecomunicacion.com\/"],"url":"https:\/\/cacahuetecomunicacion.com\/blog\/author\/liceran_eloy_-dedypfkt\/"}]}},"_links":{"self":[{"href":"https:\/\/cacahuetecomunicacion.com\/blog\/wp-json\/wp\/v2\/posts\/4252"}],"collection":[{"href":"https:\/\/cacahuetecomunicacion.com\/blog\/wp-json\/wp\/v2\/posts"}],"about":[{"href":"https:\/\/cacahuetecomunicacion.com\/blog\/wp-json\/wp\/v2\/types\/post"}],"author":[{"embeddable":true,"href":"https:\/\/cacahuetecomunicacion.com\/blog\/wp-json\/wp\/v2\/users\/1"}],"replies":[{"embeddable":true,"href":"https:\/\/cacahuetecomunicacion.com\/blog\/wp-json\/wp\/v2\/comments?post=4252"}],"version-history":[{"count":4,"href":"https:\/\/cacahuetecomunicacion.com\/blog\/wp-json\/wp\/v2\/posts\/4252\/revisions"}],"predecessor-version":[{"id":4262,"href":"https:\/\/cacahuetecomunicacion.com\/blog\/wp-json\/wp\/v2\/posts\/4252\/revisions\/4262"}],"wp:featuredmedia":[{"embeddable":true,"href":"https:\/\/cacahuetecomunicacion.com\/blog\/wp-json\/wp\/v2\/media\/4254"}],"wp:attachment":[{"href":"https:\/\/cacahuetecomunicacion.com\/blog\/wp-json\/wp\/v2\/media?parent=4252"}],"wp:term":[{"taxonomy":"category","embeddable":true,"href":"https:\/\/cacahuetecomunicacion.com\/blog\/wp-json\/wp\/v2\/categories?post=4252"},{"taxonomy":"post_tag","embeddable":true,"href":"https:\/\/cacahuetecomunicacion.com\/blog\/wp-json\/wp\/v2\/tags?post=4252"}],"curies":[{"name":"wp","href":"https:\/\/api.w.org\/{rel}","templated":true}]}}